{"id":390,"date":"2016-01-30T03:34:28","date_gmt":"2016-01-30T03:34:28","guid":{"rendered":"http:\/\/guarulhosemrede.com.br\/guia\/?p=390"},"modified":"2017-08-24T20:05:12","modified_gmt":"2017-08-24T20:05:12","slug":"escola-de-educacao-infantil-flor-da-montanha","status":"publish","type":"post","link":"https:\/\/guarulhosemrede.com.br\/guia\/escola-de-educacao-infantil-flor-da-montanha\/","title":{"rendered":"Escola de Educa\u00e7\u00e3o Infantil Flor da Montanha"},"content":{"rendered":"<div id=\"td_uid_1_69f189b62d166\" class=\"tdc-row\"><div class=\"vc_row td_uid_1_69f189b62d173_rand  wpb_row td-pb-row\" ><div class=\"vc_column td_uid_2_69f189b62d259_rand  wpb_column vc_column_container td-pb-span8\"><div class=\"wpb_wrapper\"><div class=\"wpb_wrapper wpb_text_column td_block_wrap td_block_wrap vc_column_text td_uid_3_69f189b62d331_rand  td-pb-border-top td_block_template_1\"  data-td-block-uid=\"td_uid_3_69f189b62d331\" \"><div class=\"td-block-title-wrap\"><\/div><p>Venham conhecer nossas instala\u00e7\u00f5es e pre\u00e7os promocionais de inaugura\u00e7\u00e3o. Descontos especiais para as mam\u00e3es que t\u00eam dois ou mais beb\u00eas (v\u00e1lido tamb\u00e9m para priminho). PRE\u00c7OS ACESS\u00cdVEIS SEM PERDER QUALIDADE!<\/p>\n<p>&nbsp;<\/p>\n<p>EDUCA\u00c7\u00c3O INFANTIL &#8211; BER\u00c7\u00c1RIO &#8211; MATERNAL &#8211; JARDIM I E II<\/p>\n<p>&nbsp;<\/p>\n<p><strong>PER\u00cdODOS:<\/strong><\/p>\n<p>MANH\u00c3 DAS 08:00 \u00c0S 12:00H;<\/p>\n<p>TARDE DAS 13:00 \u00c0S 17:00H;<\/p>\n<p>INTEGRAL DAS 07:00 \u00c0S 19:00H;<\/p>\n<p>SEMI INTEGRAL A PARTIR DE CINCO HORAS DE PERMAN\u00caNCIA.<\/p>\n<p>&nbsp;<\/p>\n<p>BER\u00c7\u00c1RIO A PARTIR DOS SEIS MESES.<\/p>\n<p>&nbsp;<\/p>\n<p>22 ANOS DE EXPERI\u00caNCIA SOMENTE EM EDUCA\u00c7\u00c3O INFANTIL. Entrem em contato que temos o melhor para voc\u00ea e para seu filho. Educa\u00e7\u00e3o com carinho, seguran\u00e7a e muita DIVERS\u00c3O&#8230;<\/p>\n<p>&nbsp;<\/p>\n<p>PRE\u00c7OS PROMOCIONAIS DE INAUGURA\u00c7\u00c3O A PARTIR DE R$ 288,00, DENTRO DO M\u00caS DE JANEIRO \/ 2016. APROVEITEM!<\/p>\n<p>&nbsp;<\/p>\n<div class=\"estabelecimento-info\">\n<p><strong>Endere\u00e7o:<\/strong>\u00a0Rua Corb\u00e9lia, 222 &#8211; Jardim Flor da Montanha &#8211; Guarulhos &#8211; SP<\/p>\n<p><strong>Telefone:<\/strong> (11) 2304-1279 | (11) 97615-3124<\/p>\n<p><strong>E-mail:<\/strong>\u00a0<em>eeiflordamontanha@gmail.com<\/em><\/p>\n<p><strong>Site:<\/strong>\u00a0<strong><em><a href=\"http:\/\/www.escolaflordamontanha.com.br\/\" target=\"_blank\" rel=\"noopener\">http:\/\/www.escolaflordamontanha.com.br\/<\/a><\/em><\/strong><\/p>\n<p><em>\u00a0<\/em><\/p>\n<\/div>\n<\/div><\/div><\/div><div class=\"vc_column td_uid_4_69f189b62eb39_rand  wpb_column vc_column_container td-pb-span4\"><div class=\"wpb_wrapper\">[vc_gallery interval=&#8221;3&#8243; images=&#8221;392&#8243; onclick=&#8221;custom_link&#8221; custom_links_target=&#8221;_blank&#8221; custom_links=&#8221;#E-8_aHR0cHMlM0ElMkYlMkZ3d3cuZmFjZWJvb2suY29tJTJGZWVpZmxvcmRhbW9udGFuaGE=&#8221;]<div class=\"wpb_wrapper td_block_wrap vc_raw_html td_uid_5_69f189b62ebea_rand \"><div align=\"center\">\n\n<iframe loading=\"lazy\" src=\"https:\/\/www.google.com\/maps\/embed?pb=!1m18!1m12!1m3!1d3660.3966683251924!2d-46.5417876!3d-23.4461521!2m3!1f0!2f0!3f0!3m2!1i1024!2i768!4f13.1!3m3!1m2!1s0x94cef51bbed06333%3A0x30b21ca68d813e18!2sEscola+de+Educa%C3%A7%C3%A3o+Infantil+%22Flor+da+Montanha%22!5e0!3m2!1spt-BR!2sbr!4v1454124641629\" width=\"400\" height=\"300\" frameborder=\"0\" style=\"border:0\" allowfullscreen><\/iframe>\n\n<\/div><\/div><div class=\"wpb_wrapper td_block_wrap vc_raw_html td_uid_6_69f189b62ec1d_rand \"><div class=\"fb-page\" data-href=\"https:\/\/www.facebook.com\/eeiflordamontanha\/&quot;\" data-width=\"900\" data-small-header=\"false\" data-adapt-container-width=\"true\" data-hide-cover=\"false\" data-show-facepile=\"true\"><blockquote cite=\"https:\/\/www.facebook.com\/eeiflordamontanha\/&quot;\" class=\"fb-xfbml-parse-ignore\"><a href=\"https:\/\/www.facebook.com\/eeiflordamontanha\/&quot;\">Escola de Educa\u00e7\u00e3o Infantil Flor da Montanha<\/a><\/blockquote><\/div><\/div><\/div><\/div><\/div><\/div><div id=\"td_uid_6_69f189b62ec54\" class=\"tdc-row\"><div class=\"vc_row td_uid_7_69f189b62ec58_rand  wpb_row td-pb-row\" ><div class=\"vc_column td_uid_8_69f189b62ecbd_rand  wpb_column vc_column_container td-pb-span12\"><div class=\"wpb_wrapper\"><div class=\"wpb_wrapper wpb_text_column td_block_wrap td_block_wrap vc_column_text td_uid_9_69f189b62ed13_rand  td-pb-border-top td_block_template_1\"  data-td-block-uid=\"td_uid_9_69f189b62ed13\" \"><div class=\"td-block-title-wrap\"><\/div><p><\/p>\n<\/div><\/div><\/div><\/div><\/div>\n","protected":false},"excerpt":{"rendered":"","protected":false},"author":1,"featured_media":392,"comment_status":"closed","ping_status":"closed","sticky":false,"template":"","format":"standard","meta":{"footnotes":""},"categories":[39],"tags":[101,105,30,100,99,103,106,25,26,29,28,102,104,27],"class_list":["post-390","post","type-post","status-publish","format-standard","has-post-thumbnail","hentry","category-educacao","tag-educacao","tag-educacao-infantil","tag-empresas","tag-escola","tag-escola-de-educacao-infantil-flor-da-montanha","tag-flor","tag-flor-da-montanha","tag-guarulhos","tag-guarulhos-em-rede","tag-guia","tag-guia-de-guarulhos","tag-infantil","tag-montanha","tag-rede"],"yoast_head":"<!-- This site is optimized with the Yoast SEO plugin v24.9 - https:\/\/yoast.com\/wordpress\/plugins\/seo\/ -->\n<title>Escola de Educa\u00e7\u00e3o Infantil Flor da Montanha - Guia - Guarulhos em Rede<\/title>\n<meta name=\"description\" content=\"Venham conhecer nossas instala\u00e7\u00f5es e pre\u00e7os promocionais de inaugura\u00e7\u00e3o. Descontos especiais para as mam\u00e3es que t\u00eam dois ou mais beb\u00eas (v\u00e1lido tamb\u00e9m para priminho).\" \/>\n<meta name=\"robots\" content=\"index, follow, max-snippet:-1, max-image-preview:large, max-video-preview:-1\" \/>\n<link rel=\"canonical\" href=\"https:\/\/guarulhosemrede.com.br\/guia\/escola-de-educacao-infantil-flor-da-montanha\/\" \/>\n<meta property=\"og:locale\" content=\"pt_BR\" \/>\n<meta property=\"og:type\" content=\"article\" \/>\n<meta property=\"og:title\" content=\"Escola de Educa\u00e7\u00e3o Infantil Flor da Montanha - Guia - Guarulhos em Rede\" \/>\n<meta property=\"og:description\" content=\"Venham conhecer nossas instala\u00e7\u00f5es e pre\u00e7os promocionais de inaugura\u00e7\u00e3o. Descontos especiais para as mam\u00e3es que t\u00eam dois ou mais beb\u00eas (v\u00e1lido tamb\u00e9m para priminho).\" \/>\n<meta property=\"og:url\" content=\"https:\/\/guarulhosemrede.com.br\/guia\/escola-de-educacao-infantil-flor-da-montanha\/\" \/>\n<meta property=\"og:site_name\" content=\"Guia - Guarulhos em Rede\" \/>\n<meta property=\"article:publisher\" content=\"http:\/\/www.facebook.com\/guarulhosemrede\" \/>\n<meta property=\"article:published_time\" content=\"2016-01-30T03:34:28+00:00\" \/>\n<meta property=\"article:modified_time\" content=\"2017-08-24T20:05:12+00:00\" \/>\n<meta property=\"og:image\" content=\"https:\/\/guarulhosemrede.com.br\/guia\/wp-content\/uploads\/2016\/01\/eei-flor-da-montanha.png\" \/>\n\t<meta property=\"og:image:width\" content=\"203\" \/>\n\t<meta property=\"og:image:height\" content=\"196\" \/>\n\t<meta property=\"og:image:type\" content=\"image\/png\" \/>\n<meta name=\"author\" content=\"omoradm\" \/>\n<meta name=\"twitter:card\" content=\"summary_large_image\" \/>\n<meta name=\"twitter:creator\" content=\"@guarulhosemrede\" \/>\n<meta name=\"twitter:site\" content=\"@guarulhosemrede\" \/>\n<meta name=\"twitter:label1\" content=\"Escrito por\" \/>\n\t<meta name=\"twitter:data1\" content=\"omoradm\" \/>\n\t<meta name=\"twitter:label2\" content=\"Est. tempo de leitura\" \/>\n\t<meta name=\"twitter:data2\" content=\"2 minutos\" \/>\n<script type=\"application\/ld+json\" class=\"yoast-schema-graph\">{\"@context\":\"https:\/\/schema.org\",\"@graph\":[{\"@type\":\"Article\",\"@id\":\"https:\/\/guarulhosemrede.com.br\/guia\/escola-de-educacao-infantil-flor-da-montanha\/#article\",\"isPartOf\":{\"@id\":\"https:\/\/guarulhosemrede.com.br\/guia\/escola-de-educacao-infantil-flor-da-montanha\/\"},\"author\":{\"name\":\"omoradm\",\"@id\":\"https:\/\/guarulhosemrede.com.br\/guia\/#\/schema\/person\/e19208f1722733c7b8e4126ae14a95b2\"},\"headline\":\"Escola de Educa\u00e7\u00e3o Infantil Flor da Montanha\",\"datePublished\":\"2016-01-30T03:34:28+00:00\",\"dateModified\":\"2017-08-24T20:05:12+00:00\",\"mainEntityOfPage\":{\"@id\":\"https:\/\/guarulhosemrede.com.br\/guia\/escola-de-educacao-infantil-flor-da-montanha\/\"},\"wordCount\":362,\"publisher\":{\"@id\":\"https:\/\/guarulhosemrede.com.br\/guia\/#organization\"},\"image\":{\"@id\":\"https:\/\/guarulhosemrede.com.br\/guia\/escola-de-educacao-infantil-flor-da-montanha\/#primaryimage\"},\"thumbnailUrl\":\"https:\/\/guarulhosemrede.com.br\/guia\/wp-content\/uploads\/2016\/01\/eei-flor-da-montanha.png\",\"keywords\":[\"Educa\u00e7\u00e3o\",\"Educa\u00e7\u00e3o Infantil\",\"empresas\",\"Escola\",\"Escola de Educa\u00e7\u00e3o Infantil Flor da Montanha\",\"Flor\",\"Flor da Montanha\",\"guarulhos\",\"guarulhos em rede\",\"guia\",\"guia de guarulhos\",\"Infantil\",\"Montanha\",\"rede\"],\"articleSection\":[\"Educa\u00e7\u00e3o\"],\"inLanguage\":\"pt-BR\"},{\"@type\":\"WebPage\",\"@id\":\"https:\/\/guarulhosemrede.com.br\/guia\/escola-de-educacao-infantil-flor-da-montanha\/\",\"url\":\"https:\/\/guarulhosemrede.com.br\/guia\/escola-de-educacao-infantil-flor-da-montanha\/\",\"name\":\"Escola de Educa\u00e7\u00e3o Infantil Flor da Montanha - Guia - Guarulhos em Rede\",\"isPartOf\":{\"@id\":\"https:\/\/guarulhosemrede.com.br\/guia\/#website\"},\"primaryImageOfPage\":{\"@id\":\"https:\/\/guarulhosemrede.com.br\/guia\/escola-de-educacao-infantil-flor-da-montanha\/#primaryimage\"},\"image\":{\"@id\":\"https:\/\/guarulhosemrede.com.br\/guia\/escola-de-educacao-infantil-flor-da-montanha\/#primaryimage\"},\"thumbnailUrl\":\"https:\/\/guarulhosemrede.com.br\/guia\/wp-content\/uploads\/2016\/01\/eei-flor-da-montanha.png\",\"datePublished\":\"2016-01-30T03:34:28+00:00\",\"dateModified\":\"2017-08-24T20:05:12+00:00\",\"description\":\"Venham conhecer nossas instala\u00e7\u00f5es e pre\u00e7os promocionais de inaugura\u00e7\u00e3o. Descontos especiais para as mam\u00e3es que t\u00eam dois ou mais beb\u00eas (v\u00e1lido tamb\u00e9m para priminho).\",\"breadcrumb\":{\"@id\":\"https:\/\/guarulhosemrede.com.br\/guia\/escola-de-educacao-infantil-flor-da-montanha\/#breadcrumb\"},\"inLanguage\":\"pt-BR\",\"potentialAction\":[{\"@type\":\"ReadAction\",\"target\":[\"https:\/\/guarulhosemrede.com.br\/guia\/escola-de-educacao-infantil-flor-da-montanha\/\"]}]},{\"@type\":\"ImageObject\",\"inLanguage\":\"pt-BR\",\"@id\":\"https:\/\/guarulhosemrede.com.br\/guia\/escola-de-educacao-infantil-flor-da-montanha\/#primaryimage\",\"url\":\"https:\/\/guarulhosemrede.com.br\/guia\/wp-content\/uploads\/2016\/01\/eei-flor-da-montanha.png\",\"contentUrl\":\"https:\/\/guarulhosemrede.com.br\/guia\/wp-content\/uploads\/2016\/01\/eei-flor-da-montanha.png\",\"width\":203,\"height\":196},{\"@type\":\"BreadcrumbList\",\"@id\":\"https:\/\/guarulhosemrede.com.br\/guia\/escola-de-educacao-infantil-flor-da-montanha\/#breadcrumb\",\"itemListElement\":[{\"@type\":\"ListItem\",\"position\":1,\"name\":\"In\u00edcio\",\"item\":\"https:\/\/guarulhosemrede.com.br\/guia\/\"},{\"@type\":\"ListItem\",\"position\":2,\"name\":\"Escola de Educa\u00e7\u00e3o Infantil Flor da Montanha\"}]},{\"@type\":\"WebSite\",\"@id\":\"https:\/\/guarulhosemrede.com.br\/guia\/#website\",\"url\":\"https:\/\/guarulhosemrede.com.br\/guia\/\",\"name\":\"Guia - Guarulhos em Rede\",\"description\":\"Tudo o que voc\u00ea procura est\u00e1 aqui!\",\"publisher\":{\"@id\":\"https:\/\/guarulhosemrede.com.br\/guia\/#organization\"},\"potentialAction\":[{\"@type\":\"SearchAction\",\"target\":{\"@type\":\"EntryPoint\",\"urlTemplate\":\"https:\/\/guarulhosemrede.com.br\/guia\/?s={search_term_string}\"},\"query-input\":{\"@type\":\"PropertyValueSpecification\",\"valueRequired\":true,\"valueName\":\"search_term_string\"}}],\"inLanguage\":\"pt-BR\"},{\"@type\":\"Organization\",\"@id\":\"https:\/\/guarulhosemrede.com.br\/guia\/#organization\",\"name\":\"Princiotti Servi\u00e7os de Inform\u00e1tica\",\"url\":\"https:\/\/guarulhosemrede.com.br\/guia\/\",\"logo\":{\"@type\":\"ImageObject\",\"inLanguage\":\"pt-BR\",\"@id\":\"https:\/\/guarulhosemrede.com.br\/guia\/#\/schema\/logo\/image\/\",\"url\":\"http:\/\/guarulhosemrede.com.br\/guia\/wp-content\/uploads\/2016\/01\/logo-top.png\",\"contentUrl\":\"http:\/\/guarulhosemrede.com.br\/guia\/wp-content\/uploads\/2016\/01\/logo-top.png\",\"width\":1080,\"height\":300,\"caption\":\"Princiotti Servi\u00e7os de Inform\u00e1tica\"},\"image\":{\"@id\":\"https:\/\/guarulhosemrede.com.br\/guia\/#\/schema\/logo\/image\/\"},\"sameAs\":[\"http:\/\/www.facebook.com\/guarulhosemrede\",\"https:\/\/x.com\/guarulhosemrede\",\"https:\/\/www.youtube.com\/channel\/UCzKH0mJrQGNZmfeJoP0CL6Q\"]},{\"@type\":\"Person\",\"@id\":\"https:\/\/guarulhosemrede.com.br\/guia\/#\/schema\/person\/e19208f1722733c7b8e4126ae14a95b2\",\"name\":\"omoradm\",\"image\":{\"@type\":\"ImageObject\",\"inLanguage\":\"pt-BR\",\"@id\":\"https:\/\/guarulhosemrede.com.br\/guia\/#\/schema\/person\/image\/\",\"url\":\"https:\/\/secure.gravatar.com\/avatar\/1e0cbd55af86f4e6a46eb846b76fed64?s=96&d=mm&r=g\",\"contentUrl\":\"https:\/\/secure.gravatar.com\/avatar\/1e0cbd55af86f4e6a46eb846b76fed64?s=96&d=mm&r=g\",\"caption\":\"omoradm\"},\"url\":\"https:\/\/guarulhosemrede.com.br\/guia\/author\/omoradm\/\"}]}<\/script>\n<!-- \/ Yoast SEO plugin. -->","yoast_head_json":{"title":"Escola de Educa\u00e7\u00e3o Infantil Flor da Montanha - Guia - Guarulhos em Rede","description":"Venham conhecer nossas instala\u00e7\u00f5es e pre\u00e7os promocionais de inaugura\u00e7\u00e3o. Descontos especiais para as mam\u00e3es que t\u00eam dois ou mais beb\u00eas (v\u00e1lido tamb\u00e9m para priminho).","robots":{"index":"index","follow":"follow","max-snippet":"max-snippet:-1","max-image-preview":"max-image-preview:large","max-video-preview":"max-video-preview:-1"},"canonical":"https:\/\/guarulhosemrede.com.br\/guia\/escola-de-educacao-infantil-flor-da-montanha\/","og_locale":"pt_BR","og_type":"article","og_title":"Escola de Educa\u00e7\u00e3o Infantil Flor da Montanha - Guia - Guarulhos em Rede","og_description":"Venham conhecer nossas instala\u00e7\u00f5es e pre\u00e7os promocionais de inaugura\u00e7\u00e3o. Descontos especiais para as mam\u00e3es que t\u00eam dois ou mais beb\u00eas (v\u00e1lido tamb\u00e9m para priminho).","og_url":"https:\/\/guarulhosemrede.com.br\/guia\/escola-de-educacao-infantil-flor-da-montanha\/","og_site_name":"Guia - Guarulhos em Rede","article_publisher":"http:\/\/www.facebook.com\/guarulhosemrede","article_published_time":"2016-01-30T03:34:28+00:00","article_modified_time":"2017-08-24T20:05:12+00:00","og_image":[{"width":203,"height":196,"url":"https:\/\/guarulhosemrede.com.br\/guia\/wp-content\/uploads\/2016\/01\/eei-flor-da-montanha.png","type":"image\/png"}],"author":"omoradm","twitter_card":"summary_large_image","twitter_creator":"@guarulhosemrede","twitter_site":"@guarulhosemrede","twitter_misc":{"Escrito por":"omoradm","Est. tempo de leitura":"2 minutos"},"schema":{"@context":"https:\/\/schema.org","@graph":[{"@type":"Article","@id":"https:\/\/guarulhosemrede.com.br\/guia\/escola-de-educacao-infantil-flor-da-montanha\/#article","isPartOf":{"@id":"https:\/\/guarulhosemrede.com.br\/guia\/escola-de-educacao-infantil-flor-da-montanha\/"},"author":{"name":"omoradm","@id":"https:\/\/guarulhosemrede.com.br\/guia\/#\/schema\/person\/e19208f1722733c7b8e4126ae14a95b2"},"headline":"Escola de Educa\u00e7\u00e3o Infantil Flor da Montanha","datePublished":"2016-01-30T03:34:28+00:00","dateModified":"2017-08-24T20:05:12+00:00","mainEntityOfPage":{"@id":"https:\/\/guarulhosemrede.com.br\/guia\/escola-de-educacao-infantil-flor-da-montanha\/"},"wordCount":362,"publisher":{"@id":"https:\/\/guarulhosemrede.com.br\/guia\/#organization"},"image":{"@id":"https:\/\/guarulhosemrede.com.br\/guia\/escola-de-educacao-infantil-flor-da-montanha\/#primaryimage"},"thumbnailUrl":"https:\/\/guarulhosemrede.com.br\/guia\/wp-content\/uploads\/2016\/01\/eei-flor-da-montanha.png","keywords":["Educa\u00e7\u00e3o","Educa\u00e7\u00e3o Infantil","empresas","Escola","Escola de Educa\u00e7\u00e3o Infantil Flor da Montanha","Flor","Flor da Montanha","guarulhos","guarulhos em rede","guia","guia de guarulhos","Infantil","Montanha","rede"],"articleSection":["Educa\u00e7\u00e3o"],"inLanguage":"pt-BR"},{"@type":"WebPage","@id":"https:\/\/guarulhosemrede.com.br\/guia\/escola-de-educacao-infantil-flor-da-montanha\/","url":"https:\/\/guarulhosemrede.com.br\/guia\/escola-de-educacao-infantil-flor-da-montanha\/","name":"Escola de Educa\u00e7\u00e3o Infantil Flor da Montanha - Guia - Guarulhos em Rede","isPartOf":{"@id":"https:\/\/guarulhosemrede.com.br\/guia\/#website"},"primaryImageOfPage":{"@id":"https:\/\/guarulhosemrede.com.br\/guia\/escola-de-educacao-infantil-flor-da-montanha\/#primaryimage"},"image":{"@id":"https:\/\/guarulhosemrede.com.br\/guia\/escola-de-educacao-infantil-flor-da-montanha\/#primaryimage"},"thumbnailUrl":"https:\/\/guarulhosemrede.com.br\/guia\/wp-content\/uploads\/2016\/01\/eei-flor-da-montanha.png","datePublished":"2016-01-30T03:34:28+00:00","dateModified":"2017-08-24T20:05:12+00:00","description":"Venham conhecer nossas instala\u00e7\u00f5es e pre\u00e7os promocionais de inaugura\u00e7\u00e3o. Descontos especiais para as mam\u00e3es que t\u00eam dois ou mais beb\u00eas (v\u00e1lido tamb\u00e9m para priminho).","breadcrumb":{"@id":"https:\/\/guarulhosemrede.com.br\/guia\/escola-de-educacao-infantil-flor-da-montanha\/#breadcrumb"},"inLanguage":"pt-BR","potentialAction":[{"@type":"ReadAction","target":["https:\/\/guarulhosemrede.com.br\/guia\/escola-de-educacao-infantil-flor-da-montanha\/"]}]},{"@type":"ImageObject","inLanguage":"pt-BR","@id":"https:\/\/guarulhosemrede.com.br\/guia\/escola-de-educacao-infantil-flor-da-montanha\/#primaryimage","url":"https:\/\/guarulhosemrede.com.br\/guia\/wp-content\/uploads\/2016\/01\/eei-flor-da-montanha.png","contentUrl":"https:\/\/guarulhosemrede.com.br\/guia\/wp-content\/uploads\/2016\/01\/eei-flor-da-montanha.png","width":203,"height":196},{"@type":"BreadcrumbList","@id":"https:\/\/guarulhosemrede.com.br\/guia\/escola-de-educacao-infantil-flor-da-montanha\/#breadcrumb","itemListElement":[{"@type":"ListItem","position":1,"name":"In\u00edcio","item":"https:\/\/guarulhosemrede.com.br\/guia\/"},{"@type":"ListItem","position":2,"name":"Escola de Educa\u00e7\u00e3o Infantil Flor da Montanha"}]},{"@type":"WebSite","@id":"https:\/\/guarulhosemrede.com.br\/guia\/#website","url":"https:\/\/guarulhosemrede.com.br\/guia\/","name":"Guia - Guarulhos em Rede","description":"Tudo o que voc\u00ea procura est\u00e1 aqui!","publisher":{"@id":"https:\/\/guarulhosemrede.com.br\/guia\/#organization"},"potentialAction":[{"@type":"SearchAction","target":{"@type":"EntryPoint","urlTemplate":"https:\/\/guarulhosemrede.com.br\/guia\/?s={search_term_string}"},"query-input":{"@type":"PropertyValueSpecification","valueRequired":true,"valueName":"search_term_string"}}],"inLanguage":"pt-BR"},{"@type":"Organization","@id":"https:\/\/guarulhosemrede.com.br\/guia\/#organization","name":"Princiotti Servi\u00e7os de Inform\u00e1tica","url":"https:\/\/guarulhosemrede.com.br\/guia\/","logo":{"@type":"ImageObject","inLanguage":"pt-BR","@id":"https:\/\/guarulhosemrede.com.br\/guia\/#\/schema\/logo\/image\/","url":"http:\/\/guarulhosemrede.com.br\/guia\/wp-content\/uploads\/2016\/01\/logo-top.png","contentUrl":"http:\/\/guarulhosemrede.com.br\/guia\/wp-content\/uploads\/2016\/01\/logo-top.png","width":1080,"height":300,"caption":"Princiotti Servi\u00e7os de Inform\u00e1tica"},"image":{"@id":"https:\/\/guarulhosemrede.com.br\/guia\/#\/schema\/logo\/image\/"},"sameAs":["http:\/\/www.facebook.com\/guarulhosemrede","https:\/\/x.com\/guarulhosemrede","https:\/\/www.youtube.com\/channel\/UCzKH0mJrQGNZmfeJoP0CL6Q"]},{"@type":"Person","@id":"https:\/\/guarulhosemrede.com.br\/guia\/#\/schema\/person\/e19208f1722733c7b8e4126ae14a95b2","name":"omoradm","image":{"@type":"ImageObject","inLanguage":"pt-BR","@id":"https:\/\/guarulhosemrede.com.br\/guia\/#\/schema\/person\/image\/","url":"https:\/\/secure.gravatar.com\/avatar\/1e0cbd55af86f4e6a46eb846b76fed64?s=96&d=mm&r=g","contentUrl":"https:\/\/secure.gravatar.com\/avatar\/1e0cbd55af86f4e6a46eb846b76fed64?s=96&d=mm&r=g","caption":"omoradm"},"url":"https:\/\/guarulhosemrede.com.br\/guia\/author\/omoradm\/"}]}},"_links":{"self":[{"href":"https:\/\/guarulhosemrede.com.br\/guia\/wp-json\/wp\/v2\/posts\/390","targetHints":{"allow":["GET"]}}],"collection":[{"href":"https:\/\/guarulhosemrede.com.br\/guia\/wp-json\/wp\/v2\/posts"}],"about":[{"href":"https:\/\/guarulhosemrede.com.br\/guia\/wp-json\/wp\/v2\/types\/post"}],"author":[{"embeddable":true,"href":"https:\/\/guarulhosemrede.com.br\/guia\/wp-json\/wp\/v2\/users\/1"}],"replies":[{"embeddable":true,"href":"https:\/\/guarulhosemrede.com.br\/guia\/wp-json\/wp\/v2\/comments?post=390"}],"version-history":[{"count":6,"href":"https:\/\/guarulhosemrede.com.br\/guia\/wp-json\/wp\/v2\/posts\/390\/revisions"}],"predecessor-version":[{"id":817,"href":"https:\/\/guarulhosemrede.com.br\/guia\/wp-json\/wp\/v2\/posts\/390\/revisions\/817"}],"wp:featuredmedia":[{"embeddable":true,"href":"https:\/\/guarulhosemrede.com.br\/guia\/wp-json\/wp\/v2\/media\/392"}],"wp:attachment":[{"href":"https:\/\/guarulhosemrede.com.br\/guia\/wp-json\/wp\/v2\/media?parent=390"}],"wp:term":[{"taxonomy":"category","embeddable":true,"href":"https:\/\/guarulhosemrede.com.br\/guia\/wp-json\/wp\/v2\/categories?post=390"},{"taxonomy":"post_tag","embeddable":true,"href":"https:\/\/guarulhosemrede.com.br\/guia\/wp-json\/wp\/v2\/tags?post=390"}],"curies":[{"name":"wp","href":"https:\/\/api.w.org\/{rel}","templated":true}]}}